{"id":1208,"date":"2014-12-24T12:56:34","date_gmt":"2014-12-24T12:56:34","guid":{"rendered":"http:\/\/lietuva-armenija.lt\/?p=1208"},"modified":"2014-12-25T13:16:54","modified_gmt":"2014-12-25T13:16:54","slug":"sveikiname-sulaukus-sv-kaledu","status":"publish","type":"post","link":"http:\/\/lietuva-armenija.lt\/?p=1208","title":{"rendered":"Sveikiname sulaukus \u0160v. Kal\u0117d\u0173 !"},"content":{"rendered":"<div id=\"attachment_1216\" style=\"width: 310px\" class=\"wp-caption alignleft\"><a href=\"http:\/\/lietuva-armenija.lt\/wp-content\/uploads\/2014\/12\/Eglute.jpg\"><img aria-describedby=\"caption-attachment-1216\" loading=\"lazy\" class=\" wp-image-1216\" title=\"Eglute\" src=\"http:\/\/lietuva-armenija.lt\/wp-content\/uploads\/2014\/12\/Eglute-300x199.jpg\" alt=\"Eglute\" width=\"300\" height=\"199\" srcset=\"http:\/\/lietuva-armenija.lt\/wp-content\/uploads\/2014\/12\/Eglute-300x199.jpg 300w, http:\/\/lietuva-armenija.lt\/wp-content\/uploads\/2014\/12\/Eglute.jpg 620w\" sizes=\"(max-width: 300px) 100vw, 300px\" \/><\/a><p id=\"caption-attachment-1216\" class=\"wp-caption-text\">Katedros aik\u0161t\u0117 Vilniuje<\/p><\/div>\n<address>\u00a0<\/address>\n<address><strong>Prie \u0160vent\u0173 K\u016b\u010di\u0173 stalo sus\u0117d\u0119,<\/strong><\/address>\n<address><strong>Maldas sukalb\u0117j\u0119 drauge.<\/strong><\/address>\n<address><strong>Mes lau\u0161ime \u0161vent\u0105 plotkel\u0119<\/strong><\/address>\n<address><strong>Ir d\u017eiaugsim\u0117s savo \u0161vente.<\/strong><\/address>\n<address><strong>\u00a0<\/strong><\/address>\n<address><strong>O ankst\u0173 kal\u0117din\u012f ryt\u0105<\/strong><\/address>\n<address><strong>Mus budins vaik\u0173 \u0161urmulys.<\/strong><\/address>\n<address><strong>Ir \u0161ird\u012f mus d\u017eiugins kiekvieno<\/strong><\/address>\n<address><strong>Kal\u0117d\u0173 \u0160vent\u0173 jaudulys.<\/strong><\/address>\n<p><!--more--><\/p>\n<p>&nbsp;<\/p>\n<p>&nbsp;<\/p>\n<p>&nbsp;<\/p>\n<p>Linkime Jums gra\u017ei\u0173 \u0161ven\u010di\u0173, daug dovan\u0173, gausaus stalo ir stiprios sveikatos.<\/p>\n<p>Lietuvos \u2013 Arm\u0117nijos forumo kolektyvas.<!--more--><\/p>\n","protected":false},"excerpt":{"rendered":"<p>\u00a0 Prie \u0160vent\u0173 K\u016b\u010di\u0173 stalo sus\u0117d\u0119, Maldas sukalb\u0117j\u0119 drauge. Mes lau\u0161ime \u0161vent\u0105 plotkel\u0119 Ir d\u017eiaugsim\u0117s savo \u0161vente. \u00a0 O ankst\u0173 kal\u0117din\u012f ryt\u0105 Mus budins vaik\u0173 \u0161urmulys. Ir \u0161ird\u012f mus d\u017eiugins kiekvieno Kal\u0117d\u0173 \u0160vent\u0173 jaudulys.<\/p>\n","protected":false},"author":2,"featured_media":0,"comment_status":"closed","ping_status":"closed","sticky":false,"template":"","format":"image","meta":{"ngg_post_thumbnail":0},"categories":[3],"tags":[],"_links":{"self":[{"href":"http:\/\/lietuva-armenija.lt\/index.php?rest_route=\/wp\/v2\/posts\/1208"}],"collection":[{"href":"http:\/\/lietuva-armenija.lt\/index.php?rest_route=\/wp\/v2\/posts"}],"about":[{"href":"http:\/\/lietuva-armenija.lt\/index.php?rest_route=\/wp\/v2\/types\/post"}],"author":[{"embeddable":true,"href":"http:\/\/lietuva-armenija.lt\/index.php?rest_route=\/wp\/v2\/users\/2"}],"replies":[{"embeddable":true,"href":"http:\/\/lietuva-armenija.lt\/index.php?rest_route=%2Fwp%2Fv2%2Fcomments&post=1208"}],"version-history":[{"count":15,"href":"http:\/\/lietuva-armenija.lt\/index.php?rest_route=\/wp\/v2\/posts\/1208\/revisions"}],"predecessor-version":[{"id":1212,"href":"http:\/\/lietuva-armenija.lt\/index.php?rest_route=\/wp\/v2\/posts\/1208\/revisions\/1212"}],"wp:attachment":[{"href":"http:\/\/lietuva-armenija.lt\/index.php?rest_route=%2Fwp%2Fv2%2Fmedia&parent=1208"}],"wp:term":[{"taxonomy":"category","embeddable":true,"href":"http:\/\/lietuva-armenija.lt\/index.php?rest_route=%2Fwp%2Fv2%2Fcategories&post=1208"},{"taxonomy":"post_tag","embeddable":true,"href":"http:\/\/lietuva-armenija.lt\/index.php?rest_route=%2Fwp%2Fv2%2Ftags&post=1208"}],"curies":[{"name":"wp","href":"https:\/\/api.w.org\/{rel}","templated":true}]}}