{"id":2114,"date":"2017-09-19T02:30:02","date_gmt":"2017-09-19T02:30:02","guid":{"rendered":"http:\/\/lietuva-armenija.lt\/?p=2114"},"modified":"2017-09-19T02:32:50","modified_gmt":"2017-09-19T02:32:50","slug":"ajova-tapo-47-taja-oficialiai-armenu-tautos-genocida-pripazinusia-jav-valstija-2","status":"publish","type":"post","link":"http:\/\/lietuva-armenija.lt\/?p=2114","title":{"rendered":"Ajova tapo 47-t\u0105ja oficialiai arm\u0117n\u0173 tautos genocid\u0105 pripa\u017einusia JAV valstija"},"content":{"rendered":"<div id=\"attachment_2115\" style=\"width: 235px\" class=\"wp-caption alignleft\"><a href=\"http:\/\/lietuva-armenija.lt\/wp-content\/uploads\/2017\/09\/Arm\u0117n\u0173-bendruomen\u0117s-nariai-su-genocido-pripa\u017einimo-deklaracija-225x300-1.jpg\"><img aria-describedby=\"caption-attachment-2115\" loading=\"lazy\" class=\"size-medium wp-image-2115\" src=\"http:\/\/lietuva-armenija.lt\/wp-content\/uploads\/2017\/09\/Arm\u0117n\u0173-bendruomen\u0117s-nariai-su-genocido-pripa\u017einimo-deklaracija-225x300-1-225x300.jpg\" alt=\"\" width=\"225\" height=\"300\" \/><\/a><p id=\"caption-attachment-2115\" class=\"wp-caption-text\">Arm\u0117n\u0173 bendruomen\u0117s nariai su genocido pripa\u017einimo deklaracija<\/p><\/div>\n<p>\u0160i\u0173 met\u0173 rugpj\u016b\u010dio 24 dien\u0105 JAV Ajovos valstijos gubernator\u0117 Kim Reynolds pasira\u0161\u0117 deklaracij\u0105, kuria Ajovos valstija pripa\u017eino 1915 m. Osman\u0173 imperijoje vykusius tragi\u0161kus \u012fvykius buvusius arm\u0117n\u0173 tautos genocidu. Tokiu b\u016bdu, Ajova tapo 47-t\u0105ja JAV valstija, kuri oficialiai pripa\u017eino ir pasmerk\u0117 turk\u0173 vykdyt\u0105 arm\u0117n\u0173 tautos genocid\u0105. Kiekvienas pripa\u017einimo faktas yra svarbi \u017einia viso pasaulio arm\u0117nams ir geros valios \u017emon\u0117ms, kurie remia teis\u0117t\u0105 arm\u0117n\u0173 tautos siek\u012f, kad j\u0173 patirta skriauda neb\u016btu u\u017emir\u0161ta ir niekada nepasikartot\u0173 jokios kitos tautos at\u017evilgiu. Nuo t\u0173 baisi\u0173 \u012fvyki\u0173 pra\u0117jo jau visas am\u017eius, ta\u010diau tai, kas vyksta \u0161i\u0173 dien\u0173 pasaulyje tik patvirtina, kad kol mes nepripa\u017einsime ir nepasmerksime masinio etnini\u0173, religini\u0173 ar kit\u0173 \u017emoni\u0173 grupi\u0173 tikslingo naikinimo, mes nei\u0161moksime praeities pamok\u0173, o istorija toliau kartosis. JAV arm\u0117n\u0173 nacionalinio komiteto vadovas Armenas Sahakyanas teig\u0117: \u201ePripa\u017eindama ir pasmerkdama arm\u0117n\u0173 genocido fakt\u0105, Ajova sudav\u0117 stipr\u0173 sm\u016bg\u012f neapykantai ir nepakantumui, kurie skatina tebesit\u0119sian\u010dias genocido aprai\u0161kas, kamuojan\u010dias \u017emonij\u0105 iki \u0161i\u0173 dien\u0173\u201c.<!--more--><\/p>\n<p>Min\u0117tame oficialiame pripa\u017einime taip pat minimas vis\u0173 XX ir XXI am\u017eiaus genocid\u0173 ciklas, i\u0161skyrus 2016 met\u0173 JAV kongreso pasmerkt\u0105, prie\u0161 artim\u0173j\u0173 ryt\u0173 krik\u0161\u010dionis, jezidus ir kitas ma\u017eumas nukreipt\u0105 Islamo valstyb\u0117s vykdyt\u0105 genocid\u0105. \u0160ie visk\u0105 \u017eiaurumu pranokstantys \u012fvykiai savo veiksmais nuosekliai atkartojo Osman\u0173 imperijoje vykdyt\u0105 arm\u0117n\u0173, graik\u0173, asir\u0173 ir kit\u0173 ma\u017eum\u0173 genocid\u0105, kai buvo siekiama ne tik fizi\u0161kai i\u0161naikinti \u0161ias bendruomenes, bet ir i\u0161trinti visus j\u0173 egzistavimo \u017eenklus, naikinant j\u0173 paveld\u0105 ir istorin\u012f palikim\u0105.<\/p>\n<p>Nors did\u0117ja genocid\u0105 pripa\u017einusi\u0173 valstij\u0173 skai\u010dius, JAV kongresas ir prezidentas vis dar nenori pripa\u017einti genocido, vengdami net pa\u010di\u0105 s\u0105vok\u0105 taikyti kalb\u0117dami apie 1915 m. \u012fvykius.<\/p>\n<div id=\"attachment_2116\" style=\"width: 310px\" class=\"wp-caption alignleft\"><a href=\"http:\/\/lietuva-armenija.lt\/wp-content\/uploads\/2017\/09\/Ajovos-gubernator\u0117-su-Amerikos-arm\u0117n\u0173-nacionalinio-komiteto-atstovais-300x225-1.jpg\"><img aria-describedby=\"caption-attachment-2116\" loading=\"lazy\" class=\"size-medium wp-image-2116\" src=\"http:\/\/lietuva-armenija.lt\/wp-content\/uploads\/2017\/09\/Ajovos-gubernator\u0117-su-Amerikos-arm\u0117n\u0173-nacionalinio-komiteto-atstovais-300x225-1-300x225.jpg\" alt=\"\" width=\"300\" height=\"225\" \/><\/a><p id=\"caption-attachment-2116\" class=\"wp-caption-text\">Ajovos gubernator\u0117 su Amerikos arm\u0117n\u0173 nacionalinio komiteto atstovais<\/p><\/div>\n<p>Oficialiai savo senate arm\u0117n\u0173 ir kit\u0173 taut\u0173 \u017eudyni\u0173 Osman\u0173 imperijoje genocidu dar nepripa\u017eino Alabama, Indiana ir Misisip\u0117.<br \/>\nVis d\u0117lto, JAV ir viso pasaulio arm\u0117n\u0173 bendruomen\u0117 sveikina ir did\u017eiai vertina vis\u0173 genocid\u0105 pripa\u017einusi\u0173 valstij\u0173 param\u0105.<\/p>\n<p>&nbsp;<\/p>\n<p>&nbsp;<\/p>\n<p>&nbsp;<\/p>\n<p>&nbsp;<\/p>\n<p>&nbsp;<\/p>\n<p>&nbsp;<\/p>\n<p>&nbsp;<\/p>\n<p>&nbsp;<\/p>\n<p>\u0160altinis: <a href=\"https:\/\/armenianweekly.com\/2017\/08\/24\/iowa-becomes-47th-state-to-officially-recognize-the-armenian-genocide\/\"><em>https:\/\/armenianweekly.com\/2017\/08\/24\/iowa-becomes-47th-state-to-officially-recognize-the-armenian-genocide\/<\/em><\/a><\/p>\n","protected":false},"excerpt":{"rendered":"<p>\u0160i\u0173 met\u0173 rugpj\u016b\u010dio 24 dien\u0105 JAV Ajovos valstijos gubernator\u0117 Kim Reynolds pasira\u0161\u0117 deklaracij\u0105, kuria Ajovos valstija pripa\u017eino 1915 m. Osman\u0173 imperijoje vykusius tragi\u0161kus \u012fvykius buvusius arm\u0117n\u0173 tautos genocidu. Tokiu b\u016bdu, Ajova tapo 47-t\u0105ja JAV valstija, kuri oficialiai pripa\u017eino ir pasmerk\u0117 turk\u0173 vykdyt\u0105 arm\u0117n\u0173 tautos genocid\u0105. Kiekvienas pripa\u017einimo faktas yra svarbi \u017einia viso pasaulio arm\u0117nams ir [&hellip;]<\/p>\n","protected":false},"author":2,"featured_media":0,"comment_status":"closed","ping_status":"closed","sticky":false,"template":"","format":"image","meta":{"ngg_post_thumbnail":0},"categories":[1,3],"tags":[],"_links":{"self":[{"href":"http:\/\/lietuva-armenija.lt\/index.php?rest_route=\/wp\/v2\/posts\/2114"}],"collection":[{"href":"http:\/\/lietuva-armenija.lt\/index.php?rest_route=\/wp\/v2\/posts"}],"about":[{"href":"http:\/\/lietuva-armenija.lt\/index.php?rest_route=\/wp\/v2\/types\/post"}],"author":[{"embeddable":true,"href":"http:\/\/lietuva-armenija.lt\/index.php?rest_route=\/wp\/v2\/users\/2"}],"replies":[{"embeddable":true,"href":"http:\/\/lietuva-armenija.lt\/index.php?rest_route=%2Fwp%2Fv2%2Fcomments&post=2114"}],"version-history":[{"count":5,"href":"http:\/\/lietuva-armenija.lt\/index.php?rest_route=\/wp\/v2\/posts\/2114\/revisions"}],"predecessor-version":[{"id":2121,"href":"http:\/\/lietuva-armenija.lt\/index.php?rest_route=\/wp\/v2\/posts\/2114\/revisions\/2121"}],"wp:attachment":[{"href":"http:\/\/lietuva-armenija.lt\/index.php?rest_route=%2Fwp%2Fv2%2Fmedia&parent=2114"}],"wp:term":[{"taxonomy":"category","embeddable":true,"href":"http:\/\/lietuva-armenija.lt\/index.php?rest_route=%2Fwp%2Fv2%2Fcategories&post=2114"},{"taxonomy":"post_tag","embeddable":true,"href":"http:\/\/lietuva-armenija.lt\/index.php?rest_route=%2Fwp%2Fv2%2Ftags&post=2114"}],"curies":[{"name":"wp","href":"https:\/\/api.w.org\/{rel}","templated":true}]}}